{"id":25700,"date":"2018-01-22T19:29:40","date_gmt":"2018-01-22T19:29:40","guid":{"rendered":"http:\/\/brennanhealingscience.org\/the-power-of-intention-in-focusing-groups-by-roland-berard\/"},"modified":"2018-09-13T05:28:56","modified_gmt":"2018-09-13T04:28:56","slug":"el-poder-de-la-intencion-en-grupos-de-enfoque","status":"publish","type":"post","link":"https:\/\/brennanhealingscience.org\/es\/el-poder-de-la-intencion-en-grupos-de-enfoque\/","title":{"rendered":"El Poder De La Intenci\u00f3n En Grupos De Enfoque"},"content":{"rendered":"<p><span class=\"notranslate\">22 de Enero de 2018. Por Roland B\u00e9rard, Brennan Healing Science Practitioner, Reiki Master, EFT, Hakomi<\/span><\/p>\n<p><span class=\"notranslate\"> <strong>Abstracto<\/strong><\/span><\/p>\n<p><span class=\"notranslate\"> Participar en un grupo (uno a uno, equipo, reuni\u00f3n o comit\u00e9) en el trabajo y actividades de ocio es una de las muchas formas en que experimentamos las relaciones.<\/span> <span class=\"notranslate\"> Todas las relaciones son un espejo a trav\u00e9s del cual podemos aprender acerca de nosotros mismos y experimentar un crecimiento personal.<\/span><\/p>\n<p><span class=\"notranslate\"> A menudo, los objetivos del grupo no est\u00e1n bien definidos ni entendidos por todos los participantes.<\/span> <span class=\"notranslate\"> Distracciones, din\u00e1micas sociales y personalidades se interponen en el camino y retrasan el proceso de alcanzar los objetivos del grupo.<\/span> <span class=\"notranslate\"> A trav\u00e9s de una comprensi\u00f3n de las cuatro dimensiones de la humanidad, particularmente la dimensi\u00f3n hara que sostiene nuestra intenci\u00f3n y nuestros anhelos m\u00e1s profundos, podemos comenzar a comprender el poder de la intenci\u00f3n y el papel que desempe\u00f1a en nuestras vidas.<\/span><\/p>\n<p><span class=\"notranslate\"> Una t\u00e9cnica simple llamada \u00abAlineaci\u00f3n grupal de Hara\u00bb se puede utilizar de manera efectiva para alinear conscientemente a los miembros de grupos peque\u00f1os y grandes para que puedan enfocarse en la tarea en cuesti\u00f3n.<\/span> <span class=\"notranslate\"> La t\u00e9cnica permite a las personas reflexionar y recordar su prop\u00f3sito de pertenecer al grupo y participar de maneras que eliminen las barreras y minimicen los conflictos.<\/span> <span class=\"notranslate\"> Esto permite a los participantes ser creativos mientras se divierten, compartir sus dones \u00fanicos con los grupos y cumplir con sus tareas de la vida y del mundo.<\/span><\/p>\n<p><span class=\"notranslate\"> Este art\u00edculo presenta la relaci\u00f3n entre la dimensi\u00f3n f\u00edsica y la energ\u00eda, presenta el concepto del hara y la intencionalidad y presenta una t\u00e9cnica simplificada para aplicar el poder de la intenci\u00f3n.<\/span> <span class=\"notranslate\"> Adem\u00e1s, el documento relaciona los comentarios y experiencias de las personas a quienes se les present\u00f3 este material, as\u00ed como las experiencias personales en las que el autor utiliz\u00f3 la t\u00e9cnica.<\/span><\/p>\n<p><span class=\"notranslate\"> <strong>Introducci\u00f3n<\/strong><\/span><\/p>\n<p><span class=\"notranslate\"> Todo lo que hacemos proviene de nuestro n\u00facleo divino.<\/span> <span class=\"notranslate\"> El impulso creativo divino puro del n\u00facleo se filtra a trav\u00e9s de las diversas dimensiones para manifestarse en el mundo f\u00edsico.<\/span><\/p>\n<p><span class=\"notranslate\"> Usando una pajarera como ejemplo, uno tiene un impulso creativo para construir una pajarera y establece la intenci\u00f3n de hacerlo.<\/span> <span class=\"notranslate\"> Los pensamientos y las ideas surgen sobre c\u00f3mo se ver\u00e1 esta pajarera y, finalmente, todos los materiales se juntan para unirlos.<\/span> <span class=\"notranslate\"> La pajarera se construye f\u00edsicamente o se \u00abmanifiesta\u00bb y luego se coloca en un lugar accesible para que las aves la usen.<\/span><\/p>\n<p><span class=\"notranslate\"> Este documento demuestra que nuestros cuerpos son energ\u00eda y que todo est\u00e1 interconectado.<\/span> <span class=\"notranslate\"> Se presentan las cuatro dimensiones de la humanidad y se explica el papel que desempe\u00f1a cada dimensi\u00f3n en las interacciones de grupos peque\u00f1os.<\/span> <span class=\"notranslate\"> Dado que la voluntad y la intenci\u00f3n juegan un papel en la manifestaci\u00f3n de lo que queremos o deseamos, cada uno se define y se discute.<\/span><\/p>\n<p><span class=\"notranslate\"> Se explican las t\u00e9cnicas completas y simplificadas para la alineaci\u00f3n de grupos.<\/span> <span class=\"notranslate\"> Se presentan ejemplos de su uso por parte del autor y otros individuos.<\/span><\/p>\n<p><span class=\"notranslate\"> Este documento se basa en el trabajo de Barbara Brennan, que ha sido curandera y maestra durante m\u00e1s de 25 a\u00f1os.<\/span> <span class=\"notranslate\"> Su trabajo se publica en dos libros, uno Hands of Light y el otro Light Emerging.<\/span> <span class=\"notranslate\"> B\u00e1rbara actualmente dirige una escuela (The Barbara Brennan School of Healing, o BBSH), donde estos principios se han ense\u00f1ado a gran profundidad durante los \u00faltimos 20 a\u00f1os.<\/span><\/p>\n<ol>\n<li><span class=\"notranslate\"> <strong>Cuerpo de energ\u00eda, interconexi\u00f3n y relaciones<\/strong><\/span><\/li>\n<\/ol>\n<p><span class=\"notranslate\"> <strong>1.1 Del cuerpo s\u00f3lido al cuerpo de energ\u00eda<\/strong><\/span><\/p>\n<p><span class=\"notranslate\"> Ha habido un desarrollo significativo en nuestra visi\u00f3n cient\u00edfica del cuerpo humano en el \u00faltimo siglo.<\/span> <span class=\"notranslate\"> Newton, Einstein y la F\u00edsica At\u00f3mica nos han demostrado que el cuerpo humano est\u00e1 compuesto de \u00e1tomos que son realmente energ\u00eda cristalizada.<\/span> <span class=\"notranslate\"> El tama\u00f1o y la distancia relativa entre el n\u00facleo y los electrones en los \u00e1tomos es tal que es mayormente espacio vac\u00edo.<\/span> <span class=\"notranslate\"> Nuestro cuerpo es un campo de energ\u00eda, \u00a1pero en su mayor\u00eda es espacio vac\u00edo!<\/span><\/p>\n<p><span class=\"notranslate\"> Los hologramas han existido desde 1965. Si corta un holograma en piezas cada vez m\u00e1s peque\u00f1as, cada pieza a\u00fan contiene toda la imagen;<\/span> <span class=\"notranslate\"> simplemente se vuelve m\u00e1s borroso y confuso.<\/span> <span class=\"notranslate\"> Cada pieza tiene toda la informaci\u00f3n para toda la representaci\u00f3n tridimensional.<\/span> <span class=\"notranslate\"> Este principio tambi\u00e9n se refleja en las c\u00e9lulas de nuestro cuerpo.<\/span> <span class=\"notranslate\"> El ADN humano tiene toda la informaci\u00f3n necesaria para construir todo el cuerpo humano.<\/span><\/p>\n<p><span class=\"notranslate\"> \u00abEl holograma nos proporciona un modelo nuevo y \u00fanico que puede ayudar a la ciencia a comprender la estructura energ\u00e9tica del universo, as\u00ed como la naturaleza multidimensional de los seres humanos\u00bb [1].<\/span> <span class=\"notranslate\"> El concepto hologr\u00e1fico \u00abestablece que cada pieza es una representaci\u00f3n exacta del todo y puede usarse para reconstruir todo el holograma\u00bb [2].<\/span><\/p>\n<p><span class=\"notranslate\"> <strong>1.2 Interconexi\u00f3n de todas las cosas<\/strong><\/span><\/p>\n<p><span class=\"notranslate\"> Brennan informa que \u00ablos cient\u00edficos ahora est\u00e1n encontrando evidencia de una conexi\u00f3n universal e inmediata en el marco de la ciencia, tanto matem\u00e1tica como experimentalmente\u00bb. [3] Ella contin\u00faa haciendo referencia al teorema de Bell que apoya el concepto de que las part\u00edculas subat\u00f3micas est\u00e1n conectadas de alguna manera trasciende el tiempo y el espacio.<\/span><\/p>\n<p><span class=\"notranslate\"> La frase de la moderna teor\u00eda del caos expresa que \u00abuna mariposa batiendo sus alas en Am\u00e9rica del Norte puede sentirse hasta Jap\u00f3n\u00bb.<\/span> <span class=\"notranslate\"> Es bien sabido en f\u00edsica que un experimentador no puede observar nada sin afectarlo de alguna manera.<\/span><\/p>\n<p><span class=\"notranslate\"> Cuando combinamos el principio hologr\u00e1fico, la f\u00edsica moderna, la teor\u00eda del caos y la interconexi\u00f3n, podemos ver que todo es energ\u00eda y que todo est\u00e1 interrelacionado.<\/span><\/p>\n<p><span class=\"notranslate\"> <strong>1.3 Interconexi\u00f3n en relaciones y grupos<\/strong><\/span><\/p>\n<p><span class=\"notranslate\"> Esta interconexi\u00f3n se aplica tambi\u00e9n en nuestras relaciones personales y grupales.<\/span> <span class=\"notranslate\"> Cualquier interacci\u00f3n con otro afecta al otro, a los que est\u00e1n cerca y a aquellos con los que posteriormente interactuamos.<\/span> <span class=\"notranslate\"> C\u00f3mo nos alejamos de una interacci\u00f3n influye en c\u00f3mo nos acercamos e interactuamos con la siguiente persona.<\/span> <span class=\"notranslate\"> El comportamiento y las palabras de las personas afectan a todos los dem\u00e1s miembros de un grupo.<\/span><\/p>\n<ol start=\"2\">\n<li><span class=\"notranslate\"> <strong>Las cuatro dimensiones de la humanidad<\/strong><\/span><\/li>\n<\/ol>\n<p><span class=\"notranslate\"> En su libro \u00abLight Emerging\u00bb, Brennan presenta las cuatro dimensiones de la humanidad.<\/span> <span class=\"notranslate\"> Estas son las dimensiones Physical, Aura, Hara y Core Star.<\/span><\/p>\n<p><span class=\"notranslate\"> <strong>2.1 La dimensi\u00f3n f\u00edsica (el mundo \u00abreal\u00bb)<\/strong><\/span><\/p>\n<p><span class=\"notranslate\"> Esta dimensi\u00f3n es el mundo f\u00edsico con el que todos estamos familiarizados.<\/span> <span class=\"notranslate\"> Esto es lo que reconocemos como realidad tal como se manifiesta en nuestras vidas.<\/span> <span class=\"notranslate\"> Adem\u00e1s del mundo (nuestros cuerpos f\u00edsicos, objetos, planetas, tierra, etc.), esta dimensi\u00f3n incluye a otras personas y nuestras relaciones con ellas.<\/span> <span class=\"notranslate\"> Es en el mundo f\u00edsico donde vemos el resultado de la energ\u00eda y la conciencia de las otras tres dimensiones.<\/span><\/p>\n<p><span class=\"notranslate\"> <strong>2.2 La dimensi\u00f3n de los campos de energ\u00eda humana y universal (Personalidad)<\/strong><\/span><\/p>\n<p><span class=\"notranslate\"> La segunda dimensi\u00f3n es la del Campo de Energ\u00eda Universal (UEF) y el Campo de Energ\u00eda Humana (HEF, tambi\u00e9n conocido como el Aura).<\/span> <span class=\"notranslate\"> El campo de energ\u00eda es una plantilla para el cuerpo f\u00edsico y es el veh\u00edculo para todas las reacciones psicosom\u00e1ticas.<\/span> <span class=\"notranslate\"> El aura define nuestra personalidad y c\u00f3mo interactuamos con los dem\u00e1s en las relaciones y grupos.<\/span><\/p>\n<p><span class=\"notranslate\"> <strong>2.2.1 Campo de energ\u00eda universal<\/strong><\/span><\/p>\n<p><span class=\"notranslate\"> El campo de energ\u00eda universal (UEF) se compone de energ\u00eda universal.<\/span> <span class=\"notranslate\"> Esta energ\u00eda ha sido com\u00fanmente referida como Energ\u00eda Vital, Chi, Ki o Prana.<\/span> <span class=\"notranslate\"> Esta energ\u00eda tiene conciencia y nutre a todos los seres vivos y a toda la materia.<\/span> <span class=\"notranslate\"> Esta energ\u00eda impregna el universo e interconecta todas las cosas.<\/span> <span class=\"notranslate\"> Brennan ofrece una historia completa de referencias a la UEF.<\/span> <span class=\"notranslate\"> [4]<\/span><\/p>\n<p><span class=\"notranslate\"> <strong>2.2.2 Campo de energ\u00eda humana<\/strong><\/span><\/p>\n<p><span class=\"notranslate\"> El campo de energ\u00eda humana (HEF) es esa parte de la UEF que est\u00e1 \u00edntimamente conectada con la vida humana.<\/span> <span class=\"notranslate\"> Es el nivel donde existe un marco energ\u00e9tico sobre el cual descansa el mundo f\u00edsico.<\/span> <span class=\"notranslate\"> En este nivel, la energ\u00eda y la conciencia no pueden separarse.<\/span> <span class=\"notranslate\"> El HEF o aura se compone de chakras y niveles (com\u00fanmente conocidos como energ\u00eda o cuerpos et\u00e9ricos).<\/span><\/p>\n<p><span class=\"notranslate\"> <strong>Chakras<\/strong><\/span><\/p>\n<p><span class=\"notranslate\"> Chakra es la palabra s\u00e1nscrita para \u00abrueda\u00bb.<\/span> <span class=\"notranslate\"> Los chakras act\u00faan como embudos, que giran y \u00abrecolectan\u00bb la energ\u00eda del UEF y la metabolizan para que la use nuestro cuerpo.<\/span> <span class=\"notranslate\"> Cada chakra nutre las gl\u00e1ndulas endocrinas y los \u00f3rganos espec\u00edficos y cada chakra tambi\u00e9n gobierna una funci\u00f3n psicodin\u00e1mica.<\/span> <span class=\"notranslate\"> Como ejemplo, el quinto chakra nutre el aparato vocal, los pulmones y los bronquios.<\/span> <span class=\"notranslate\"> Adem\u00e1s, este chakra influye en c\u00f3mo nos sentimos acerca de c\u00f3mo nos expresamos en la sociedad (nuestro trabajo), c\u00f3mo somos capaces de expresarnos, nuestra capacidad de pedir lo que necesitamos y nuestra capacidad de recibir.<\/span><\/p>\n<p><span class=\"notranslate\"> Hay 7 chakras principales y muchos otros chakras secundarios.<\/span> <span class=\"notranslate\"> La ubicaci\u00f3n de los 7 chakras principales se corresponde estrechamente con la de las gl\u00e1ndulas endocrinas.<\/span> <span class=\"notranslate\"> En el plano \u00abvertical\u00bb, hay un chakra ubicado en la cabeza (chakra de la coronilla) y otro en el perineo (chakra ra\u00edz).<\/span> <span class=\"notranslate\"> Hay otros 5 ubicados en el plano horizontal, uno en el 3.er ojo, la garganta, el coraz\u00f3n, el plexo solar y la pelvis.<\/span> <span class=\"notranslate\"> Cada uno de los chakras en el plano horizontal tiene un aspecto frontal y uno posterior.<\/span> <span class=\"notranslate\"> En general, los aspectos frontales de los chakras se relacionan con nuestras emociones, los aspectos posteriores de nuestra voluntad y los chakras de la cabeza con nuestra raz\u00f3n.<\/span><\/p>\n<p><span class=\"notranslate\"> <strong>Niveles<\/strong><\/span><\/p>\n<p><span class=\"notranslate\"> El HEF tiene 7 niveles.<\/span> <span class=\"notranslate\"> Cada nivel del campo es de una frecuencia vibratoria \u00fanica y se superpone sobre el otro.<\/span> <span class=\"notranslate\"> Cada nivel se irradia desde el n\u00facleo y \u00abse sienta\u00bb justo encima del cuerpo f\u00edsico y los otros niveles en niveles correspondientemente m\u00e1s altos de vibraci\u00f3n (no en capas como una cebolla).<\/span> <span class=\"notranslate\"> El aura completa generalmente se irradia aproximadamente a 3 \u00bd pies del cuerpo, m\u00e1s o menos, dependiendo del estado de la persona.<\/span><\/p>\n<p><span class=\"notranslate\"> Los primeros tres niveles se relacionan con nuestros aspectos f\u00edsicos (sensaciones f\u00edsicas, emociones con respecto a uno mismo y mente mental o racional).<\/span> <span class=\"notranslate\"> El cuarto nivel se relaciona con nuestras relaciones con los dem\u00e1s y es el puente entre nuestros aspectos f\u00edsicos y nuestros espirituales.<\/span> <span class=\"notranslate\"> Los niveles 5, 6 y 7 se relacionan con nuestros aspectos espirituales (voluntad divina, amor divino y mente divina).<\/span><\/p>\n<p><span class=\"notranslate\"> De la misma manera que un campo magn\u00e9tico influye en su entorno, el campo de energ\u00eda humana afecta su entorno.<\/span><\/p>\n<p><span class=\"notranslate\"> <strong>2.3.<\/strong><\/span> <span class=\"notranslate\"> <strong>La Dimensi\u00f3n de Hara (Intenci\u00f3n)<\/strong><\/span><\/p>\n<p><span class=\"notranslate\"> La dimensi\u00f3n del hara se encuentra debajo del aura y es la base sobre la que descansa el aura.<\/span><\/p>\n<p><span class=\"notranslate\"> <strong>2.3.1 Tradicional Hara<\/strong><\/span><\/p>\n<p><span class=\"notranslate\"> Hara es una palabra japonesa que significa \u00abvientre\u00bb.<\/span> <span class=\"notranslate\"> \u00abPor parte de Hara, los japoneses comprenden una actitud general que permite que uno se abra al poder y la totalidad de la fuerza de vida original y que testifique por la plenitud, el significado y la maestr\u00eda mostrados en la propia vida\u00bb. [5]<\/span><\/p>\n<p><span class=\"notranslate\"> El hara est\u00e1 relacionado con el concepto chino de Dan-Tien (o Tan Tien).<\/span> <span class=\"notranslate\"> Los antiguos textos chinos describen el Dan-Tien como \u00abel mejor lugar en el vientre\u00bb.<\/span> <span class=\"notranslate\"> Tanto el hara como Tan Tien relacionan este punto central (localizado en el centro de gravedad de nuestro cuerpo justo debajo del ombligo) con nuestro centro centrado.<\/span> <span class=\"notranslate\"> Todas las artes marciales ense\u00f1an a los estudiantes a moverse y dirigir el poder del hara.<\/span><\/p>\n<p><span class=\"notranslate\"> Desde el hara, uno se conecta hacia abajo a la tierra y hacia arriba al cielo.<\/span> <span class=\"notranslate\"> Este es un estado donde solo se mantiene el equilibrio correcto de tensi\u00f3n y relajaci\u00f3n en los m\u00fasculos.<\/span> <span class=\"notranslate\"> Parado en hara, uno est\u00e1 enraizado en la tierra y no es probable que pierda el equilibrio.<\/span> <span class=\"notranslate\"> Trabajar desde hara es f\u00e1cil y no una cuesti\u00f3n de voluntad.<\/span><\/p>\n<p><span class=\"notranslate\"> Una persona que se ha reconectado con y est\u00e1 en hara se centra en su ser, est\u00e1 calmada y tiene presencia de mente.<\/span> <span class=\"notranslate\"> Esta persona est\u00e1 conectada a la esencia y la integridad.<\/span> <span class=\"notranslate\"> Hara es un derecho de nacimiento, pero por lo general se olvida o se pierde cuando llegamos a la adolescencia.<\/span><\/p>\n<p><span class=\"notranslate\"> <strong>2.3.2 Hara seg\u00fan Brennan<\/strong><\/span><\/p>\n<p><span class=\"notranslate\"> La dimensi\u00f3n de Hara, seg\u00fan Brennan, es el lugar donde tenemos nuestra intenci\u00f3n y nuestro anhelo m\u00e1s profundo.<\/span> <span class=\"notranslate\"> La intenci\u00f3n est\u00e1 relacionada con la forma en que podemos manifestar lo que deseamos en nuestras vidas.<\/span> <span class=\"notranslate\"> El anhelo est\u00e1 relacionado con nuestras tareas personales y mundiales.<\/span><\/p>\n<p><span class=\"notranslate\"> En esta dimensi\u00f3n, el hara consiste en una delgada l\u00ednea tipo l\u00e1ser en el centro del cuerpo.<\/span> <span class=\"notranslate\"> La l\u00ednea conecta tres puntos a lo largo de la l\u00ednea y se conecta a la tierra.<\/span> <span class=\"notranslate\"> Los tres puntos son:<\/span><\/p>\n<p><span class=\"notranslate\"> Punto de identificaci\u00f3n: el punto de individuaci\u00f3n (ID) es nuestra conexi\u00f3n con nuestra realidad espiritual superior.<\/span> <span class=\"notranslate\"> Se encuentra a unos tres pies por encima de la cabeza.<\/span><br \/>\n<span class=\"notranslate\"> Asiento de alma: El Asiento de alma guarda nuestro anhelo, lo que m\u00e1s profundamente deseamos en esta vida.<\/span> <span class=\"notranslate\"> Est\u00e1 ubicado justo arriba del coraz\u00f3n.<\/span><br \/>\n<span class=\"notranslate\"> Tan-Tien: Tan Tan es el centro del poder que se reconoce en todas las formas de artes marciales.<\/span> <span class=\"notranslate\"> Est\u00e1 ubicado en el centro de gravedad del cuerpo, aproximadamente dos pulgadas debajo del ombligo.<\/span><\/p>\n<p><span class=\"notranslate\"> Una l\u00ednea saludable hara es recta, energizada y profundamente enraizada en la tierra.<\/span> <span class=\"notranslate\"> Cuando esta l\u00ednea es saludable, nos sentimos completos y sincronizados con nuestro prop\u00f3sito personal.<\/span><\/p>\n<p><span class=\"notranslate\"> El hara es la primera dimensi\u00f3n donde el impulso creativo puede distorsionarse a medida que emerge del n\u00facleo de nuestro ser, nuestra esencia.<\/span> <span class=\"notranslate\"> Cuando la intenci\u00f3n se establece en esta dimensi\u00f3n, afecta la dimensi\u00f3n del aura y la del cuerpo f\u00edsico.<\/span> <span class=\"notranslate\"> Esto es crucial para las actividades en la vida diaria.<\/span> <span class=\"notranslate\"> Es desde aqu\u00ed que nuestras interacciones con grupos (relaciones) pueden ser influenciadas.<\/span> <span class=\"notranslate\"> Esto se ampliar\u00e1 en la secci\u00f3n 5.<\/span><\/p>\n<p><span class=\"notranslate\"> <strong>2.4.<\/strong><\/span> <span class=\"notranslate\"> <strong>Core Star Dimension<\/strong><\/span><\/p>\n<p><span class=\"notranslate\"> La cuarta dimensi\u00f3n de la humanidad es la de la Estrella del N\u00facleo.<\/span> <span class=\"notranslate\"> Esta dimensi\u00f3n se encuentra debajo de la dimensi\u00f3n del hara.<\/span> <span class=\"notranslate\"> F\u00edsicamente, la estrella del n\u00facleo se encuentra en el centro dimensional aproximado del cuerpo o aproximadamente una pulgada y media sobre el ombligo.<\/span><\/p>\n<p><span class=\"notranslate\"> La estrella central es el lugar donde tenemos nuestra esencia, todo lo que somos, y es nuestra conexi\u00f3n con la divinidad.<\/span> <span class=\"notranslate\"> Es nuestra chispa divina, nuestro Dios interno.<\/span> <span class=\"notranslate\"> Existe fuera del tiempo, el espacio, la encarnaci\u00f3n f\u00edsica e incluso el concepto del alma.<\/span> <span class=\"notranslate\"> Todos nuestros impulsos creativos se originan en nuestro n\u00facleo y se filtran a trav\u00e9s de las otras dimensiones hasta que se manifiestan en nuestro mundo f\u00edsico.<\/span><\/p>\n<p><span class=\"notranslate\"> <strong>2.5 Distorsiones en las cuatro dimensiones<\/strong><\/span><\/p>\n<p><span class=\"notranslate\"> Como individuos, cada uno de nosotros tiene su propia forma de gestionar el campo energ\u00e9tico y nuestra intenci\u00f3n.<\/span> <span class=\"notranslate\"> Esto afecta nuestras personalidades y nuestra interacci\u00f3n grupal.<\/span><\/p>\n<p><span class=\"notranslate\"> A medida que interactuamos con el mundo a una edad temprana, intentamos expresar nuestras necesidades y nuestro amor por los que nos rodean.<\/span> <span class=\"notranslate\"> Desde la perspectiva del ni\u00f1o, las reacciones adultas inesperadas pueden interpretarse como rechazo, abandono, traici\u00f3n, control, invasi\u00f3n o una combinaci\u00f3n de estos.<\/span> <span class=\"notranslate\"> Estas experiencias son desagradables y en ocasiones incluso traum\u00e1ticas.<\/span><\/p>\n<p><span class=\"notranslate\"> Con el tiempo aprendemos mecanismos de defensa para evitar sentir el dolor.<\/span> <span class=\"notranslate\"> Estas defensas bloquean los sentimientos y la expresi\u00f3n y, por lo tanto, el flujo de energ\u00eda.<\/span> <span class=\"notranslate\"> Estas reacciones finalmente crean bloques energ\u00e9ticos y \/ o distorsiones en las diversas dimensiones.<\/span><\/p>\n<p><span class=\"notranslate\"> En la dimensi\u00f3n del hara, las distorsiones aparecen como quiebres, dobleces y debilidades en la l\u00ednea del hara.<\/span> <span class=\"notranslate\"> Cuando esto sucede, no estamos alineados con nuestro prop\u00f3sito y nuestra intenci\u00f3n se distorsiona.<\/span> <span class=\"notranslate\"> Estamos desconectados de nuestros anhelos, la tierra y \/ o la espiritualidad.<\/span><br \/>\n<span class=\"notranslate\"> En el aura o HEF, se convierten en bloques que evitan que la energ\u00eda fluya.<\/span> <span class=\"notranslate\"> Estos bloqueos resultan en experimentar dolor, auto-juicios, falta de claridad, creencias limitantes, bloqueos emocionales y distorsiones, falta de amor propio y relaciones distorsionadas.<\/span> <span class=\"notranslate\"> Nuestro amor se vuelve condicional en lugar de incondicional y nuestras relaciones se vuelven dif\u00edciles y desagradables.<\/span><br \/>\n<span class=\"notranslate\"> En los chakras, aparecen como chakras disfuncionales o desgarrados.<\/span> <span class=\"notranslate\"> Los chakras que no funcionan bien no nutren adecuadamente el cuerpo y los \u00f3rganos;<\/span> <span class=\"notranslate\"> esto conduce a enfermedades en aquellas \u00e1reas donde hay disfunci\u00f3n y desequilibrio en las \u00e1reas de la vida gobernadas por estos chakras.<\/span><br \/>\n<span class=\"notranslate\"> En el cuerpo f\u00edsico, se manifiestan como enfermedades, tensiones, espasmos musculares u otras patolog\u00edas.<\/span><\/p>\n<ol start=\"3\">\n<li><span class=\"notranslate\"> <strong>Personalidad y estructura del personaje<\/strong><\/span><\/li>\n<\/ol>\n<p><span class=\"notranslate\"> Las distorsiones descritas anteriormente se convierten en mecanismos de defensa habituales desarrollados a partir de las heridas y traumas infantiles espec\u00edficos de cada individuo.<\/span> <span class=\"notranslate\"> Estas im\u00e1genes, creencias limitantes y mecanismos de defensa se convierten en nuestras personalidades y gobiernan la forma en que interactuamos con los dem\u00e1s, lo que \u00abconfigura y controla\u00bb nuestras vidas.<\/span> <span class=\"notranslate\"> De muchas maneras diferentes, sofocan nuestra fuerza de vida y distorsionan o sofocan los impulsos creativos que surgen de nuestro N\u00facleo.<\/span><\/p>\n<p><span class=\"notranslate\"> La estructura del car\u00e1cter (caracterolog\u00eda) es un t\u00e9rmino que muchos psicoterapeutas corporales usan para describir ciertos tipos de personas f\u00edsicas y psicol\u00f3gicas.<\/span> <span class=\"notranslate\"> Wilhelm Reich identific\u00f3 cinco categor\u00edas principales despu\u00e9s de notar que las personas con experiencias infantiles similares ten\u00edan cuerpos similares.<\/span> <span class=\"notranslate\"> [6] Los aspectos del maquillaje de la personalidad, los sistemas f\u00edsicos y energ\u00e9ticos de estas estructuras de car\u00e1cter se detallan en Brennan&#8217;s Hands of Light, cap\u00edtulo 13, y se detallan en su libro Light Emerging, cap\u00edtulo 15.<\/span><\/p>\n<p><span class=\"notranslate\"> Brennan caracteriza varios sistemas de defensa energ\u00e9tica que se utilizan en diferentes momentos, como puercoesp\u00edn, abstinencia, negaci\u00f3n verbal, succi\u00f3n oral, ganchos, agarre mental, tent\u00e1culos, melancol\u00eda obvia silenciosa, histeria, contenci\u00f3n de l\u00edmites, poder \/ se mostrar\u00e1 o una combinaci\u00f3n de cualquiera de estas.<\/span> <span class=\"notranslate\"> [7] Algunos de estos pueden parecer familiares;<\/span> <span class=\"notranslate\"> todos usan uno o m\u00e1s de estos en relaci\u00f3n con los dem\u00e1s.<\/span><\/p>\n<p><span class=\"notranslate\"> Las defensas y las estructuras de los personajes demuestran qui\u00e9nes somos, en lugar de qui\u00e9nes somos.<\/span> <span class=\"notranslate\"> A pesar de que podemos estar conscientes de la defensa de un individuo, es importante no perder de vista la esencia y los dones \u00fanicos de esa persona.<\/span><\/p>\n<ol start=\"4\">\n<li><span class=\"notranslate\"> <strong>Voluntad e intenci\u00f3n<\/strong><\/span><\/li>\n<\/ol>\n<p><span class=\"notranslate\"> La intenci\u00f3n y la voluntad est\u00e1n presentes en cada momento de nuestras vidas, en todo lo que hacemos y en cada relaci\u00f3n en la que entramos.<\/span> <span class=\"notranslate\"> Comprender estos conceptos es muy importante cuando se trata de interacciones grupales, ya sea que ocurran en el lugar de trabajo, actividades extracurriculares, juego o desarrollo personal.<\/span><\/p>\n<p><span class=\"notranslate\"> Cuando queremos llevar a cabo una tarea o establecer una direcci\u00f3n en nuestras vidas, primero pensamos en lo que queremos hacer, decidimos sobre \u00e9l y luego dirigimos nuestra energ\u00eda para que esto suceda (manifestar).<\/span> <span class=\"notranslate\"> Esta energ\u00eda puede surgir desde un lugar de voluntad o desde un lugar de intenci\u00f3n.<\/span><\/p>\n<p><span class=\"notranslate\"> <strong>4.1 Intenci\u00f3n<\/strong><\/span><\/p>\n<p><span class=\"notranslate\"> La intenci\u00f3n (o intento) es una decisi\u00f3n o elecci\u00f3n pura para actuar sobre un impulso creativo desde el n\u00facleo para la ejecuci\u00f3n o manifestaci\u00f3n futura.<\/span> <span class=\"notranslate\"> Est\u00e1 trayendo una idea al mundo f\u00edsico.<\/span> <span class=\"notranslate\"> \u00abLa mera palabra intenci\u00f3n connota que el yo est\u00e1 a cargo;<\/span> <span class=\"notranslate\"> hace una elecci\u00f3n deliberada, tiene la intenci\u00f3n de hacer, actuar, ser &#8230; \u00ab[8].<\/span><\/p>\n<p><span class=\"notranslate\"> La intenci\u00f3n puede ser positiva o negativa;<\/span> <span class=\"notranslate\"> tambi\u00e9n puede ser sin esfuerzo.<\/span><\/p>\n<p><span class=\"notranslate\"> \u00abIntento negativo es la intenci\u00f3n de aferrarse al estado de negaci\u00f3n de la vida y del yo, de elegir la separaci\u00f3n.<\/span> <span class=\"notranslate\"> La intenci\u00f3n negativa se manifestar\u00e1 en aquellas elecciones motivadas por el orgullo, la voluntad propia y el miedo;<\/span> <span class=\"notranslate\"> es la opci\u00f3n de permanecer separado, aislado y solo \u00ab.<\/span> <span class=\"notranslate\"> [9]<\/span><\/p>\n<p><span class=\"notranslate\"> \u00abLa intenci\u00f3n positiva es la capacidad de hacer una elecci\u00f3n para el estado unitivo (armonioso) &#8230; y se manifestar\u00e1 en aquellas elecciones motivadas por el amor, la verdad, la integridad, el coraje, la armon\u00eda y la alegr\u00eda.<\/span> <span class=\"notranslate\"> Es la intenci\u00f3n de unificarse dentro de su propio ser y mantener esa conciencia unitiva en sus interacciones con los dem\u00e1s.<\/span> <span class=\"notranslate\"> La intenci\u00f3n positiva es la intenci\u00f3n para que ocurra el flujo de la vida \u00ab.<\/span> <span class=\"notranslate\"> [10]<\/span><\/p>\n<p><span class=\"notranslate\"> La intenci\u00f3n sin esfuerzo es pura intencionalidad, simplemente permite que las cosas se desarrollen para manifestar lo que se desea.<\/span> <span class=\"notranslate\"> Significa no presionar y soltar un marco de tiempo r\u00edgido y las expectativas que van de la mano con eso.<\/span> <span class=\"notranslate\"> La intenci\u00f3n sin esfuerzo se puede lograr a trav\u00e9s de la paciencia, la rendici\u00f3n y la fe.<\/span><\/p>\n<p><span class=\"notranslate\"> Carol, una reci\u00e9n graduada de Barbara Brennan School of Healing, hab\u00eda estado indecisa sobre c\u00f3mo, d\u00f3nde y cu\u00e1ndo establecer su pr\u00e1ctica.<\/span> <span class=\"notranslate\"> Alrededor de un a\u00f1o despu\u00e9s de la graduaci\u00f3n, se despert\u00f3 una ma\u00f1ana y decidi\u00f3 que ya era hora.<\/span> <span class=\"notranslate\"> Estableci\u00f3 su intenci\u00f3n de hacerlo realidad y confiaba en que el Universo lo proporcionar\u00eda.<\/span> <span class=\"notranslate\"> Sorprendentemente y sin esfuerzo, un hermoso espacio se hizo disponible en una ubicaci\u00f3n ideal a bajo precio.<\/span> <span class=\"notranslate\"> Cuando lleg\u00f3 el momento de comprar muebles, gran parte de lo que necesitaba y le gustaba estaba en oferta.<\/span> <span class=\"notranslate\"> Su pr\u00e1ctica ahora est\u00e1 bien establecida.<\/span> <span class=\"notranslate\"> Este es un buen ejemplo de c\u00f3mo la intenci\u00f3n sin esfuerzo se manifest\u00f3 en su vida.<\/span><\/p>\n<p><span class=\"notranslate\"> <strong>4.2.<\/strong><\/span> <span class=\"notranslate\"> <strong>Ser\u00e1<\/strong><\/span><\/p>\n<p><span class=\"notranslate\"> Will es la fuerza motriz que nos permite lograr lo que queremos.<\/span> <span class=\"notranslate\"> Se puede ver como un veh\u00edculo para manifestar una intenci\u00f3n establecida.<\/span><\/p>\n<p><span class=\"notranslate\"> Will est\u00e1 equilibrado, subutilizado o maltratado.<\/span><\/p>\n<p><span class=\"notranslate\"> Cuando la voluntad se infrautiliza, nos convertimos en \u00abempujones\u00bb y damos nuestro poder.<\/span> <span class=\"notranslate\"> Cuando se abusa de la voluntad, se convierte en \u00abpoder sobre\u00bb.<\/span> <span class=\"notranslate\"> Esto impulsa y controla las acciones de uno u otros para obtener resultados.<\/span> <span class=\"notranslate\"> Esto causa una competencia insalubre, agresi\u00f3n, guerra, relaciones desagradables y agotamiento, con poco o ning\u00fan respeto por qui\u00e9n o qu\u00e9 est\u00e1 en el camino.<\/span> <span class=\"notranslate\"> Cuando la voluntad est\u00e1 infrautilizada o maltratada, no est\u00e1 equilibrada con la raz\u00f3n y la emoci\u00f3n.<\/span><\/p>\n<p><span class=\"notranslate\"> En el sentido positivo, la voluntad se asocia con la fuerza del car\u00e1cter, el \u00e9xito y la competencia sana.<\/span> <span class=\"notranslate\"> La voluntad equilibrada nos permite avanzar y superar obst\u00e1culos y temores utilizando la cantidad justa de raz\u00f3n y emoci\u00f3n.<\/span><\/p>\n<ol start=\"5\">\n<li><span class=\"notranslate\"> <strong>Hara y Grupos<\/strong><\/span><\/li>\n<\/ol>\n<p><span class=\"notranslate\"> Como se dijo anteriormente, cuando la intenci\u00f3n se establece en la dimensi\u00f3n hara, afecta la dimensi\u00f3n del aura y la del cuerpo f\u00edsico.<\/span> <span class=\"notranslate\"> Esto es crucial para las actividades en la vida diaria.<\/span> <span class=\"notranslate\"> Es desde aqu\u00ed que las interacciones grupales pueden ser influenciadas.<\/span><\/p>\n<p><span class=\"notranslate\"> <strong>5.1 Hara a nivel individual<\/strong><\/span><\/p>\n<p><span class=\"notranslate\"> A nivel individual, \u00abEstablecer la intenci\u00f3n de uno es un acto de elecci\u00f3n consciente en el que alineas tu raz\u00f3n, voluntad y emoci\u00f3n y eliges hacer, actuar o ser de una manera particular en apoyo de un resultado deseado\u00bb.<\/span> <span class=\"notranslate\"> [11]<\/span><\/p>\n<p><span class=\"notranslate\"> Cuando el hara es saludable y estamos alineados con nuestro hara, sentimos mucha integridad personal, poder y prop\u00f3sito personal porque estamos sincronizados con el prop\u00f3sito universal.<\/span> <span class=\"notranslate\"> No se trata de estar bien o mal, se trata de estar en alineaci\u00f3n.<\/span> <span class=\"notranslate\"> Dado que el prop\u00f3sito universal no tiene adversarios;<\/span> <span class=\"notranslate\"> las personas que discuten o toman posiciones adversas no pueden estar alineadas.<\/span> <span class=\"notranslate\"> Cuando no estamos alineados, nos deslizamos f\u00e1cilmente en nuestras reacciones o defensas autom\u00e1ticas.<\/span> <span class=\"notranslate\"> Es entonces cuando estamos en desacuerdo con los dem\u00e1s y con nuestro propio prop\u00f3sito de vida.<\/span><\/p>\n<p><span class=\"notranslate\"> \u00abEn cualquier parte de nuestras vidas, incluida la salud y la curaci\u00f3n, donde tenemos problemas para crear lo que queremos, es donde tenemos intenciones mixtas o prop\u00f3sitos cruzados\u00bb. [12] \u00abEn la medida en que haya alineado su l\u00ednea Hara, en ese grado exacto est\u00e1s en l\u00ednea con tu prop\u00f3sito y con intenci\u00f3n positiva.<\/span> <span class=\"notranslate\"> En la medida en que no est\u00e9s en l\u00ednea en tu nivel de haric, en ese grado exacto est\u00e1s en Intenci\u00f3n negativa.<\/span> <span class=\"notranslate\"> Es tan simple como eso \u00ab. [13]<\/span><\/p>\n<p><span class=\"notranslate\"> <strong>5.2 Hara a nivel de grupo<\/strong><\/span><\/p>\n<p><span class=\"notranslate\"> Como hemos visto, estamos hologr\u00e1ficamente conectados a todo y a todos;<\/span> <span class=\"notranslate\"> el estado de nuestro hara (intenci\u00f3n) afecta directamente nuestras relaciones e interacciones grupales.<\/span> <span class=\"notranslate\"> El prop\u00f3sito del individuo est\u00e1 conectado al prop\u00f3sito del grupo.<\/span> <span class=\"notranslate\"> Una vez que el individuo ha alineado el prop\u00f3sito en el momento con las tareas personales y de la vida, y se conecta con la raz\u00f3n de estar presente en el grupo, esto alinea autom\u00e1ticamente su prop\u00f3sito con el prop\u00f3sito del grupo.<\/span><\/p>\n<p><span class=\"notranslate\"> Cuando cada individuo tiene la intenci\u00f3n establecida de lograr los objetivos del grupo, la participaci\u00f3n se convierte en una con la tarea en cuesti\u00f3n.<\/span> <span class=\"notranslate\"> La creatividad de cada individuo surge de la esencia y contribuye a la intenci\u00f3n del grupo.<\/span> <span class=\"notranslate\"> Como cada uno de nosotros es \u00fanico, contribuimos con nuestros propios dones al grupo, enriqueciendo as\u00ed la experiencia del grupo.<\/span> <span class=\"notranslate\"> Todas las interacciones son mucho m\u00e1s suaves.<\/span><\/p>\n<p><span class=\"notranslate\"> Una vez que se define el prop\u00f3sito del grupo y algunos de los individuos se alinean, emerge una l\u00ednea de grupo hara que representa la intenci\u00f3n del grupo.<\/span> <span class=\"notranslate\"> A medida que m\u00e1s y m\u00e1s individuos se alinean, esto ayuda a otros a alinearse tambi\u00e9n, (efecto bola de nieve a trav\u00e9s de la inducci\u00f3n arm\u00f3nica).<\/span> <span class=\"notranslate\"> A medida que m\u00e1s y m\u00e1s personas se alinean con la intenci\u00f3n del grupo, el grupo hara se hace m\u00e1s y m\u00e1s fuerte.<\/span> <span class=\"notranslate\"> El hara de cada individuo est\u00e1 conectado al grupo hara como los radios de una rueda.<\/span><\/p>\n<p><span class=\"notranslate\"> Esta alineaci\u00f3n realmente se puede sentir;<\/span> <span class=\"notranslate\"> la energ\u00eda en la habitaci\u00f3n se sentir\u00e1 diferente, ser\u00e1 mucho m\u00e1s s\u00f3lida y todos estar\u00e1n m\u00e1s centrados, tranquilos y concentrados.<\/span> <span class=\"notranslate\"> La raz\u00f3n por la que esto funciona es que, como cada individuo alinea hara y establece la intenci\u00f3n, el impulso creativo que emerge del n\u00facleo de cada individuo no se distorsiona a medida que se filtra a trav\u00e9s de las diferentes dimensiones.<\/span> <span class=\"notranslate\"> Luego puede manifestarse en el mundo f\u00edsico en la forma m\u00e1s pura posible, alineada con el prop\u00f3sito del individuo y del grupo.<\/span> <span class=\"notranslate\"> En este escenario, todos ganan.<\/span><\/p>\n<p><span class=\"notranslate\"> Este proceso puede parecer ca\u00f3tico al principio, pero si se permite que el caos exista, gradualmente cambiar\u00e1 al resultado deseado.<\/span><\/p>\n<p><span class=\"notranslate\"> <strong>5.3 T\u00e9cnicas para la alineaci\u00f3n grupal (Focusing)<\/strong><\/span><\/p>\n<p><span class=\"notranslate\"> Existen t\u00e9cnicas espec\u00edficas para alinear un grupo o escenario y fortalecer la l\u00ednea hara del grupo.<\/span><\/p>\n<p><span class=\"notranslate\"> Primero se presentar\u00e1 una t\u00e9cnica completa y bastante elaborada, seguida de algunos m\u00e9todos menos \u00abesot\u00e9ricos\u00bb y m\u00e1s simples.<\/span><\/p>\n<p><span class=\"notranslate\"> <strong>5.3.1 Conexi\u00f3n a tierra<\/strong><\/span><\/p>\n<p><span class=\"notranslate\"> La mayor\u00eda de las personas vive en la parte superior del cuerpo, la cabeza o, en algunos casos, fuera del cuerpo.<\/span> <span class=\"notranslate\"> La mayor\u00eda de las personas no llevan la respiraci\u00f3n a la parte inferior del abdomen.<\/span> <span class=\"notranslate\"> Estas personas no est\u00e1n completamente presentes y est\u00e1n \u00absin conexi\u00f3n a tierra\u00bb.<\/span><\/p>\n<p><span class=\"notranslate\"> La conexi\u00f3n a tierra es el acto de llevar nuestra conciencia a nuestra conexi\u00f3n con la tierra.<\/span> <span class=\"notranslate\"> Esto nos ayuda a poner nuestros \u00abpies en el piso\u00bb y nos ayuda a centrarnos en nuestra totalidad.<\/span> <span class=\"notranslate\"> Nos lleva de vuelta al equilibrio entre arriba y abajo, entre el cielo y la tierra.<\/span><\/p>\n<p><span class=\"notranslate\"> La conexi\u00f3n a tierra puede mejorarse \/ lograrse mediante el siguiente ejercicio:<\/span><\/p>\n<p><span class=\"notranslate\"> Las piernas est\u00e1n separadas a la anchura de los hombros, con los pies paralelos.<\/span> <span class=\"notranslate\"> La mayor\u00eda de las personas tiende a tener los dedos de los pies hacia adentro o hacia afuera.<\/span><br \/>\n<span class=\"notranslate\"> Las rodillas est\u00e1n ligeramente dobladas en una postura s\u00f3lida.<\/span><br \/>\n<span class=\"notranslate\"> El cuello y la espalda se mantienen derechos.<\/span><br \/>\n<span class=\"notranslate\"> La conciencia se lleva a la parte inferior del cuerpo para que las piernas y los pies se sientan como parte de todo el ser.<\/span> <span class=\"notranslate\"> Se puede sentir calor o energ\u00eda en la parte inferior del cuerpo.<\/span><br \/>\n<span class=\"notranslate\"> Uno se imagina cultivando ra\u00edces en la tierra y s\u00f3lidamente anclado y apoyado.<\/span><br \/>\n<span class=\"notranslate\"> La respiraci\u00f3n se dibuja profundamente en la parte inferior del abdomen y se libera por completo.<\/span><\/p>\n<p><span class=\"notranslate\"> El ejercicio ayudar\u00e1 a encontrar el centro y la verdad, y calmar\u00e1 la mente.<\/span> <span class=\"notranslate\"> Esto es \u00fatil cuando te sientes disperso o nervioso o antes de ir a una reuni\u00f3n.<\/span><\/p>\n<p><span class=\"notranslate\"> <strong>5.3.2 Alineaci\u00f3n<\/strong><\/span><\/p>\n<p><span class=\"notranslate\"> Estos son los pasos para alinear un grupo de individuos con el grupo hara.<\/span><\/p>\n<p><span class=\"notranslate\"> Haga que el grupo forme un c\u00edrculo, sentado o parado (esto es lo deseado, pero opcional).<\/span><br \/>\n<span class=\"notranslate\"> Haga que el grupo revise lo siguiente:<\/span><br \/>\n<span class=\"notranslate\"> P\u00eddales que se muevan.<\/span><br \/>\n<span class=\"notranslate\"> P\u00eddales que imaginen una l\u00ednea dorada de luz l\u00e1ser en el centro del cuerpo, que se extiende por encima de la cabeza y hacia la tierra.<\/span> <span class=\"notranslate\"> Diles que esta es su l\u00ednea de intenci\u00f3n.<\/span><br \/>\n<span class=\"notranslate\"> Inv\u00edtelos a alinear su prop\u00f3sito personal para estar presentes en este grupo con el prop\u00f3sito del grupo.<\/span> <span class=\"notranslate\"> Puede usar las siguientes palabras \u00abAlinee su prop\u00f3sito personal para estar aqu\u00ed con el prop\u00f3sito del grupo que es (Indique el prop\u00f3sito del grupo e incluya las palabras creativo y divertido).<\/span> <span class=\"notranslate\"> Ahora, permite que tu intenci\u00f3n cargue tu esencia y tu anhelo mientras cae en cascada a trav\u00e9s del campo \u00e1urico en el mundo f\u00edsico, permiti\u00e9ndote compartir tu regalo \u00fanico con todos los que est\u00e1n participando aqu\u00ed \u00ab.<\/span><br \/>\n<span class=\"notranslate\"> Recu\u00e9rdeles que este trabajo \/ actividad es una expresi\u00f3n de qui\u00e9nes son en todos los niveles.<\/span><br \/>\n<span class=\"notranslate\"> Haga una pausa y espere un minuto para que todos hagan esto conscientemente.<\/span><br \/>\n<span class=\"notranslate\"> Una vez hecho esto, comience la reuni\u00f3n o actividad grupal.<\/span><br \/>\n<span class=\"notranslate\"> Si los conflictos comienzan a surgir, esto significa que la intenci\u00f3n ha vacilado.<\/span> <span class=\"notranslate\"> Repita el ejercicio.<\/span><\/p>\n<p><span class=\"notranslate\"> <strong>5.3.3 T\u00e9cnicas simplificadas<\/strong><\/span><\/p>\n<p><span class=\"notranslate\"> Aunque el ejercicio anterior es la forma ideal de establecer una intenci\u00f3n grupal, puede ser un verdadero desaf\u00edo si eres t\u00edmido, o si algunos de los individuos del grupo pueden encontrar este concepto relativamente nuevo demasiado esot\u00e9rico.<\/span><\/p>\n<p><span class=\"notranslate\"> En estas circunstancias, es posible que desee considerar formas alternativas de reunir a todos.<\/span> <span class=\"notranslate\"> A continuaci\u00f3n se sugieren algunas maneras de presentar el concepto para que sea m\u00e1s aceptable o \u00abf\u00e1cil de usar\u00bb para los participantes.<\/span> <span class=\"notranslate\"> Cuanto m\u00e1s se practique el ejercicio, m\u00e1s f\u00e1cilmente surgir\u00e1 una fraseolog\u00eda que sea perfecta para cada situaci\u00f3n.<\/span><\/p>\n<p><span class=\"notranslate\"> <strong>Como l\u00edder del grupo<\/strong><\/span><\/p>\n<p><span class=\"notranslate\"> \u00abAntes de comenzar, me gustar\u00eda invitarlo a tomar conciencia de que su presencia en este grupo, y el trabajo que hace, es una representaci\u00f3n de lo que es, y le permite contribuir con su regalo \u00fanico para el mundo.<\/span> <span class=\"notranslate\"> Ahora, imagina una l\u00ednea de luz l\u00e1ser que atraviesa el centro o tu cuerpo, conectando todo el camino hasta el n\u00facleo de la tierra.<\/span> <span class=\"notranslate\"> Esta es tu l\u00ednea de intenci\u00f3n.<\/span> <span class=\"notranslate\"> T\u00f3mese un momento para alinear su intenci\u00f3n y prop\u00f3sito personal de estar aqu\u00ed ahora con el objetivo grupal que es (objetivo estatal).<\/span> <span class=\"notranslate\"> Esto ayudar\u00e1 a nuestro grupo a enfocarse y alcanzar nuestra meta m\u00e1s r\u00e1pidamente y con menos conflicto \u00ab.<\/span><br \/>\n<span class=\"notranslate\"> \u00abOK, todos, comencemos.<\/span> <span class=\"notranslate\"> Creo que el prop\u00f3sito de nuestro grupo en reunirse es \u00abprop\u00f3sito estatal\u00bb.<\/span> <span class=\"notranslate\"> Invito a todos a pensar en la forma en que esta actividad \/ reuni\u00f3n se ajusta a su vida \/ trabajo y a establecer su intenci\u00f3n de participar de una manera que resulte en una situaci\u00f3n de ganar \/ ganar.<\/span> <span class=\"notranslate\"> Esto nos ayudar\u00e1 enormemente a lograr nuestros objetivos de forma fluida y r\u00e1pida \u00ab.<\/span><br \/>\n<span class=\"notranslate\"> \u00ab\u00bfTodos recuerdan por qu\u00e9 estamos aqu\u00ed hoy?<\/span> <span class=\"notranslate\"> As\u00ed es como resumir\u00eda nuestro prop\u00f3sito.<\/span> <span class=\"notranslate\"> Prop\u00f3sito del estado<\/span> <span class=\"notranslate\"> \u00bfAlguien tiene alg\u00fan comentario o algo para agregar a esto?<\/span> <span class=\"notranslate\"> De acuerdo, comencemos y recuerde contribuir de manera que todos puedan llevar su creatividad al grupo de una manera divertida y que todos salgan vencedores \u00ab.<\/span><br \/>\n<span class=\"notranslate\"> \u00abEsta es una reuni\u00f3n \/ actividad muy importante hoy.<\/span> <span class=\"notranslate\"> Esto es lo que esperamos lograr.<\/span> <span class=\"notranslate\"> Objetivo del estado<\/span> <span class=\"notranslate\"> Todos ustedes est\u00e1n aqu\u00ed porque tienen algo valioso para contribuir.<\/span> <span class=\"notranslate\"> Esto ayudar\u00e1 a nuestro grupo \/ compa\u00f1\u00eda a crecer, enfocar nuestros esfuerzos, ser creativo y, al final, ahorrarnos tiempo y dinero.<\/span> <span class=\"notranslate\"> \u00bfAlguien tiene algo que agregar antes de comenzar?<\/span><\/p>\n<p><span class=\"notranslate\"> Recuerde que, cuanto m\u00e1s pueda hacer que los participantes se centren en su prop\u00f3sito de vida utilizando cualquier palabra o frase que se le ocurra, mejor se dar\u00e1 cuenta de c\u00f3mo esta actividad encaja en su vida y mejor podr\u00e1 alinearse con la intenci\u00f3n del grupo.<\/span><\/p>\n<p><span class=\"notranslate\"> <strong>Como participante, no liderando el grupo<\/strong><\/span><\/p>\n<p><span class=\"notranslate\"> Lo anterior se puede hacer f\u00e1cilmente si dirige la actividad grupal o la reuni\u00f3n porque puede decidir qu\u00e9 hacer y decir primero.<\/span> <span class=\"notranslate\"> Sin embargo, si no lidera el grupo pero es uno de los participantes, puede usar la siguiente invitaci\u00f3n:<\/span><\/p>\n<p><span class=\"notranslate\"> \u00abDiga todo el mundo, solo estaba leyendo sobre (o aprend\u00ed) un ejercicio realmente ordenado para ayudarnos a concentrarnos en nuestra atenci\u00f3n y alcanzar nuestros objetivos.<\/span> <span class=\"notranslate\"> Realmente apreciar\u00eda que todos estuvieran dispuestos a acompa\u00f1arme y probarlo solo esta vez.<\/span> <span class=\"notranslate\"> Esto solo tomar\u00e1 un minuto.<\/span> <span class=\"notranslate\"> \u00bfEst\u00e1 bien con todos?<\/span><\/p>\n<p><span class=\"notranslate\"> A continuaci\u00f3n, puede usar una o una combinaci\u00f3n de las afirmaciones sugeridas anteriormente para alinear el grupo.<\/span> <span class=\"notranslate\"> \u00a1Probablemente le pidan que lo haga nuevamente la pr\u00f3xima vez que se re\u00fanan!<\/span><\/p>\n<p><span class=\"notranslate\"> <strong>5.3.4 Sosteniendo un grupo<\/strong><\/span><\/p>\n<p><span class=\"notranslate\"> Si incluso un individuo en el grupo ha alineado su hara y est\u00e1 alineado con el prop\u00f3sito del grupo, esto influenciar\u00e1 al grupo a trav\u00e9s de la inducci\u00f3n arm\u00f3nica.<\/span> <span class=\"notranslate\"> Por lo tanto, hasta cierto punto, puede mantener un grupo incluso si nadie ha realizado el ejercicio anterior.<\/span> <span class=\"notranslate\"> Notar\u00e1s que si has alineado tu prop\u00f3sito y establecido tu intenci\u00f3n de estar presente desde tu totalidad, interactuar\u00e1s desde un lugar de unidad.<\/span> <span class=\"notranslate\"> Podr\u00e1 alejar suavemente al grupo cuando se salga del rumbo, especialmente si recuerda hacerlo desde un lugar de intenci\u00f3n en lugar de hacerlo.<\/span><\/p>\n<p><span class=\"notranslate\"> Por supuesto, cuanta m\u00e1s gente en el grupo sepa esto y alinee su hara, m\u00e1s fuerte ser\u00e1 el grupo hara y fluir\u00e1 todo lo suave.<\/span> <span class=\"notranslate\"> Esto se manifestar\u00e1 aunque el ejercicio en realidad no se verbalice.<\/span> <span class=\"notranslate\"> Sin embargo, verbalizarlo cristaliza la intenci\u00f3n en la mente de todos y permite una actividad mucho m\u00e1s creativa, efectiva y enfocada.<\/span><\/p>\n<p><span class=\"notranslate\"> <strong>5.3.5 Situaciones donde esta t\u00e9cnica puede ser efectiva<\/strong><\/span><\/p>\n<p><span class=\"notranslate\"> La t\u00e9cnica anterior se puede usar en muchas situaciones diferentes.<\/span><\/p>\n<p><span class=\"notranslate\"> Se puede usar en tu vida personal para ayudar a alinear y manifestar lo que necesitas.<\/span> <span class=\"notranslate\"> Esta es una gran manera de comenzar el d\u00eda, y se puede repetir en cualquier momento que necesite enfocarse en una actividad espec\u00edfica.<\/span><br \/>\n<span class=\"notranslate\"> Se puede usar simplemente para \u00abestablecer tu intenci\u00f3n\u00bb para manifestar cualquier cosa.<\/span> <span class=\"notranslate\"> Esto podr\u00eda ser tan simple como \u00abQuiero conocer a esta persona hoy\u00bb o \u00abNecesito encontrar un trabajo m\u00e1s significativo\u00bb.<\/span> <span class=\"notranslate\"> Realice el ejercicio, diga \u00abEstablec\u00ed mi intenci\u00f3n de &#8230;&#8230;&#8230;.\u00bb, Y luego d\u00e9jelo ir.<\/span> <span class=\"notranslate\"> Dejarlo ir significa no pensar conscientemente en c\u00f3mo \u00abva a\u00bb suceder, sino liberar con la confianza que el universo proporcionar\u00e1 una vez que haya establecido su intenci\u00f3n.<\/span> <span class=\"notranslate\"> Se sorprender\u00e1 de lo f\u00e1cil que lograr\u00e1 los resultados.<\/span><br \/>\n<span class=\"notranslate\"> Se puede usar en cualquier actividad donde dos o m\u00e1s personas hayan decidido colaborar en:<\/span><br \/>\n<span class=\"notranslate\"> Una tarea, una reuni\u00f3n o una sesi\u00f3n de negociaci\u00f3n<\/span><br \/>\n<span class=\"notranslate\"> Un proyecto donde se requiere trabajo en equipo<\/span><br \/>\n<span class=\"notranslate\"> Una sesi\u00f3n de revisi\u00f3n de estrategia corporativa<\/span><br \/>\n<span class=\"notranslate\"> Una sesi\u00f3n de entrenamiento<\/span><br \/>\n<span class=\"notranslate\"> Una discusi\u00f3n con un compa\u00f1ero sobre la relaci\u00f3n<\/span><br \/>\n<span class=\"notranslate\"> Una reuni\u00f3n con su jefe o empleado<\/span><br \/>\n<span class=\"notranslate\"> Cualquier otra actividad, tu imaginaci\u00f3n es el l\u00edmite!<\/span><\/p>\n<ol start=\"6\">\n<li><span class=\"notranslate\"> <strong>Experiencia personal con Group Hara<\/strong><\/span><\/li>\n<\/ol>\n<p><span class=\"notranslate\"> El autor ha utilizado con \u00e9xito la t\u00e9cnica anterior en las siguientes situaciones:<\/span><\/p>\n<p><span class=\"notranslate\"> <strong>Rendimiento de banda<\/strong><\/span><\/p>\n<p><span class=\"notranslate\"> El autor es miembro de una banda de bluegrass de cuatro piezas.<\/span> <span class=\"notranslate\"> La t\u00e9cnica se usa antes de cada pr\u00e1ctica importante, concierto o sesi\u00f3n de grabaci\u00f3n, o simplemente cada vez que el grupo se siente disperso, distra\u00eddo y tiene problemas para concentrarse (es decir, cometer errores, olvidar palabras).<\/span> <span class=\"notranslate\"> Si otras personas est\u00e1n participando (coordinador, grabaci\u00f3n o ingeniero de sonido), est\u00e1n invitados a participar en el ejercicio.<\/span> <span class=\"notranslate\"> Esto los trae al grupo hara.<\/span><\/p>\n<p><span class=\"notranslate\"> Invariablemente, los conciertos son exitosos, divertidos y creativos.<\/span> <span class=\"notranslate\"> La sinergia y el sentido de pertenencia al grupo se sienten realmente, y las audiencias est\u00e1n encantadas.<\/span> <span class=\"notranslate\"> La producci\u00f3n del primer CD del grupo, que se grab\u00f3 en vivo, tom\u00f3 muy poco tiempo de estudio y el grupo qued\u00f3 muy contento con los resultados.<\/span> <span class=\"notranslate\"> Esta t\u00e9cnica se us\u00f3 al comienzo de cada sesi\u00f3n de grabaci\u00f3n.<\/span><\/p>\n<p><span class=\"notranslate\"> <strong>Grupo de teatro aficionado<\/strong><\/span><\/p>\n<p><span class=\"notranslate\"> El autor estuvo involucrado en un grupo de teatro de aficionados, con aproximadamente 20 participantes que variaban en edad de 10 a 70 a\u00f1os.<\/span> <span class=\"notranslate\"> Esta t\u00e9cnica se us\u00f3 por primera vez hace un par de a\u00f1os antes de la primera presentaci\u00f3n, y desde entonces el grupo ha solicitado que el ejercicio se repita todas las veces.<\/span><\/p>\n<p><span class=\"notranslate\"> <strong>Ceremonia<\/strong><\/span><\/p>\n<p><span class=\"notranslate\"> Durante la \u00faltima semana de cada a\u00f1o en la escuela Barbara Brennan, cada clase crea una ceremonia para compartir el viaje durante el a\u00f1o con el resto de la escuela.<\/span> <span class=\"notranslate\"> La alineaci\u00f3n del grupo hara se utiliza de forma rutinaria en las reuniones para planificar el evento, en el ensayo general y antes de la presentaci\u00f3n final.<\/span> <span class=\"notranslate\"> Es sorprendente c\u00f3mo todo lo que parec\u00eda ca\u00f3tico hasta el \u00faltimo minuto fluye sin problemas y sin complicaciones para el deleite de todos (incluido el p\u00fablico).<\/span><\/p>\n<p><span class=\"notranslate\"> <strong>Presentaci\u00f3n<\/strong><\/span><\/p>\n<p><span class=\"notranslate\"> Cuando este documento fue presentado a audiencias de \u00abinvestigaci\u00f3n\u00bb, este ejercicio fue lo primero en la agenda, incluso antes de que nadie supiera lo que significaba.<\/span> <span class=\"notranslate\"> Esto ayud\u00f3 a cada individuo a enfocarse y la intenci\u00f3n del grupo de solidificarse.<\/span> <span class=\"notranslate\"> El prop\u00f3sito declarado fue siempre \u00abtener curiosidad por este nuevo material y estar abierto a su aplicabilidad en nuestra vida para generar creatividad de una manera divertida\u00bb.<\/span><\/p>\n<ol start=\"7\">\n<li><span class=\"notranslate\"> <strong>Comentarios de la presentaci\u00f3n de este material a varios grupos<\/strong><\/span><\/li>\n<\/ol>\n<p><span class=\"notranslate\"> En el transcurso de este proyecto, este material fue presentado a 64 personas en 6 grupos diferentes.<\/span> <span class=\"notranslate\"> 3 de los grupos eran personal de la oficina de ingenier\u00eda (41), 1 era una red privada de terapeutas en ejercicio (12), 1 era un equipo de consejeros universitarios (6) y 1 era p\u00fablico en general (5).<\/span><\/p>\n<p><span class=\"notranslate\"> Se distribuy\u00f3 un cuestionario a los participantes inmediatamente despu\u00e9s de la presentaci\u00f3n, y otro unos meses m\u00e1s tarde.<\/span><\/p>\n<p><span class=\"notranslate\"> <strong>7.1 Resumen de las respuestas a los cuestionarios<\/strong><\/span><\/p>\n<p><span class=\"notranslate\"> El cuestionario llenado inmediatamente despu\u00e9s de la presentaci\u00f3n indic\u00f3 los siguientes resultados:<\/span><\/p>\n<p><span class=\"notranslate\"> 68% no hab\u00eda escuchado sobre el HEF;<\/span> <span class=\"notranslate\"> esta fue su primera presentaci\u00f3n.<\/span><br \/>\n<span class=\"notranslate\"> El 79% encontr\u00f3 clara la relaci\u00f3n entre el cuerpo humano y el HEF.<\/span><br \/>\n<span class=\"notranslate\"> 16% hab\u00eda usado el principio de intenci\u00f3n en un contexto grupal antes.<\/span><br \/>\n<span class=\"notranslate\"> El 97% reconoci\u00f3 la diferencia entre voluntad e intenci\u00f3n.<\/span><br \/>\n<span class=\"notranslate\"> El 65% encontr\u00f3 que el ejercicio de aterramiento es \u00fatil.<\/span><br \/>\n<span class=\"notranslate\"> El 46% hab\u00eda usado una t\u00e9cnica similar en el pasado (oraci\u00f3n, indicando el objetivo grupal).<\/span><br \/>\n<span class=\"notranslate\"> El 92% entendi\u00f3 claramente la t\u00e9cnica para alinear un grupo despu\u00e9s de la presentaci\u00f3n.<\/span><br \/>\n<span class=\"notranslate\"> El 55% previ\u00f3 usar esta t\u00e9cnica en el futuro, y el 28% no sab\u00eda.<\/span><br \/>\n<span class=\"notranslate\"> La mayor\u00eda encontr\u00f3 la redacci\u00f3n sugerida adecuada.<\/span><br \/>\n<span class=\"notranslate\"> El 81% entendi\u00f3 c\u00f3mo establecer la intenci\u00f3n podr\u00eda beneficiarlos en su vida personal.<\/span><br \/>\n<span class=\"notranslate\"> El 90% ten\u00eda curiosidad por saber m\u00e1s sobre el HEF.<\/span><\/p>\n<p><span class=\"notranslate\"> El promedio de las respuestas del segundo cuestionario en una escala de 1 &#8211; 5 (1 sin incremento, 5 siendo un aumento significativo) indic\u00f3 que:<\/span><\/p>\n<p><span class=\"notranslate\"> Hubo un ligero aumento en la conciencia de si un grupo estaba alineado (1.7 \/ 5).<\/span><br \/>\n<span class=\"notranslate\"> Hubo un aumento moderado en la conciencia de las personas sobre su propia intenci\u00f3n (2.5 \/ 5).<\/span><br \/>\n<span class=\"notranslate\"> Hubo un ligero aumento en la conciencia sobre las interacciones energ\u00e9ticas entre las personas (2\/5).<\/span><br \/>\n<span class=\"notranslate\"> Hubo un ligero aumento en la conciencia en la diferencia entre voluntad e intenci\u00f3n (2\/5).<\/span><br \/>\n<span class=\"notranslate\"> El 45% deseaba poder haber utilizado esta t\u00e9cnica en algunas de las reuniones a las que asistieron.<\/span><br \/>\n<span class=\"notranslate\"> 89% no ha usado la t\u00e9cnica desde la presentaci\u00f3n.<\/span><\/p>\n<p><span class=\"notranslate\"> <strong>7.2 Comentarios personales de las audiencias de presentaci\u00f3n<\/strong><\/span><\/p>\n<p><span class=\"notranslate\"> Lo siguiente es comentarios recibidos de algunas de las personas que asistieron a los seminarios.<\/span><\/p>\n<p><span class=\"notranslate\"> Proyecto de estudiante<\/span><\/p>\n<p><span class=\"notranslate\"> 8-10 estudiantes de din\u00e1mica de grupo tuvieron que crear una representaci\u00f3n representando lo que hab\u00edan aprendido en el curso.<\/span> <span class=\"notranslate\"> Eligieron representar escenas de la popular pel\u00edcula \u00abMatrix\u00bb.<\/span> <span class=\"notranslate\"> A sugerencia de uno de los estudiantes en el ensayo general, todos estuvieron de acuerdo en probar el ejercicio Hara grupal.<\/span> <span class=\"notranslate\"> Satisfecho con el resultado, el grupo solicit\u00f3 que el ejercicio se repita antes de la actuaci\u00f3n real.<\/span> <span class=\"notranslate\"> La presentaci\u00f3n resultante fue muy bien y obtuvo muy buenas calificaciones.<\/span><\/p>\n<p><span class=\"notranslate\"> <strong>Gerente de Recursos Humanos &#8211; Oficina de Ingenier\u00eda<\/strong><\/span><\/p>\n<p><span class=\"notranslate\"> \u00abIntento centrar mi intenci\u00f3n antes de cada interacci\u00f3n importante o delicada para que pueda transmitir el mensaje correcto.<\/span> <span class=\"notranslate\"> Intento cada vez m\u00e1s decirle a la persona con la que me re\u00fano cu\u00e1l es el prop\u00f3sito de nuestra reuni\u00f3n para poder dirigir nuestras energ\u00edas en la misma direcci\u00f3n.<\/span> <span class=\"notranslate\"> He notado un cambio positivo en m\u00ed mismo.<\/span> <span class=\"notranslate\"> Entiendo m\u00e1s y estoy m\u00e1s receptivo y puedo volver a un estado equilibrado mucho m\u00e1s r\u00e1pido que antes.<\/span> <span class=\"notranslate\"> Estoy cada vez menos a la defensiva y acepto que no puedo tener todas las respuestas y resolver todas las situaciones \u00ab.<\/span><\/p>\n<p><span class=\"notranslate\"> <strong>Ingeniero &#8211; Gerente de Propuestas<\/strong><\/span><\/p>\n<p><span class=\"notranslate\"> \u00abUso lo que nos has ense\u00f1ado todos los d\u00edas.<\/span> <span class=\"notranslate\"> Esto me ayuda a estar m\u00e1s enfocado en el prop\u00f3sito del d\u00eda.<\/span> <span class=\"notranslate\"> Esto me permite unos momentos para elegir c\u00f3mo quiero que se desarrolle mi d\u00eda y lo que quiero lograr este d\u00eda \u00ab.<\/span><\/p>\n<p><span class=\"notranslate\"> <strong>Participante del c\u00edrculo de tambores<\/strong><\/span><\/p>\n<p><span class=\"notranslate\"> \u00abUsar el grupo hara en nuestro c\u00edrculo de tambores ha resultado en un trabajo enfocado y fuerte y la solidez se puede sentir en la sala.<\/span> <span class=\"notranslate\"> Se hace mucho trabajo y sanaci\u00f3n individual \u00ab.<\/span><\/p>\n<p><span class=\"notranslate\"> <strong>Participante del taller<\/strong><\/span><\/p>\n<p><span class=\"notranslate\"> \u00abMe impresion\u00f3 y derret\u00ed mi coraz\u00f3n que mis propios anhelos e intenciones individuales fueron bienvenidos, abrazados y retenidos por el grupo y me sent\u00ed TAN empoderado, tan bienvenido, TAN PERFECTO, que se me pidi\u00f3 \/ esperaba ayudar a otros a cumplir su propio hara.<\/span> <span class=\"notranslate\"> Se hablaban pocas palabras, pero la sensaci\u00f3n era palpable.<\/span> <span class=\"notranslate\"> A lo largo del fin de semana, antes de cada segmento, y despu\u00e9s de cada descanso, nos pusimos en c\u00edrculo y reiniciamos nuestro hara individual y grupal.<\/span> <span class=\"notranslate\"> Si hubiera sabido este procedimiento, habr\u00eda hecho una GRAN diferencia en mi carrera corporativa \u00ab.<\/span><\/p>\n<ol start=\"8\">\n<li><span class=\"notranslate\"> <strong>Resumen y conclusi\u00f3n<\/strong><\/span><\/li>\n<\/ol>\n<p><span class=\"notranslate\"> El cuerpo f\u00edsico es una configuraci\u00f3n energ\u00e9tica.<\/span> <span class=\"notranslate\"> Todos est\u00e1n hologr\u00e1ficamente interconectados con todo en el universo.<\/span> <span class=\"notranslate\"> El HEF nutre el cuerpo humano y contiene emociones, pensamientos y creencias antes de que se manifiesten en el mundo f\u00edsico.<\/span> <span class=\"notranslate\"> El HEF es tambi\u00e9n un veh\u00edculo para las relaciones interpersonales.<\/span> <span class=\"notranslate\"> La dimensi\u00f3n hara lleva nuestra intenci\u00f3n.<\/span> <span class=\"notranslate\"> Nuestra estrella central contiene nuestra esencia y nuestra divinidad.<\/span><\/p>\n<p><span class=\"notranslate\"> Las experiencias de la ni\u00f1ez llevan a respuestas autom\u00e1ticas que causan distorsiones en el campo y en la intenci\u00f3n de un individuo.<\/span> <span class=\"notranslate\"> A medida que el impulso creativo emerge del n\u00facleo, se distorsiona a medida que desciende en cascada a trav\u00e9s de las dimensiones de la intenci\u00f3n y el aura para manifestarse en el mundo f\u00edsico.<\/span> <span class=\"notranslate\"> Esto da como resultado conflictos en las relaciones y las interacciones grupales.<\/span><\/p>\n<p><span class=\"notranslate\"> Comprender y usar el grupo hara se puede usar de manera muy efectiva para:<\/span><\/p>\n<p><span class=\"notranslate\"> enfoca al grupo y mejora la participaci\u00f3n y creatividad de cada individuo en el grupo al alinear el prop\u00f3sito de la vida de cada individuo con el prop\u00f3sito del grupo;<\/span><br \/>\n<span class=\"notranslate\"> manifiesta lo que uno anhela en la vida y produce los cambios deseados.<\/span><\/p>\n<p><span class=\"notranslate\"> Esta t\u00e9cnica se puede utilizar en actividades personales y grupales, en el lugar de trabajo o en actividades de ocio, de tal forma que aquellos que no est\u00e9n familiarizados con los conceptos lo aceptar\u00e1n y aceptar\u00e1n una vez que lo hayan experimentado por primera vez.<\/span> <span class=\"notranslate\"> Al usar la t\u00e9cnica, los conflictos se minimizan, el miedo se dispersa y la creatividad fluye.<\/span> <span class=\"notranslate\"> Esto permite que cada individuo contribuya con su regalo \u00fanico para el grupo y, por lo tanto, para el mundo.<\/span> <span class=\"notranslate\"> Las ideas individuales, en lugar de no ser expresadas, se mejoran y contribuyen al resultado final.<\/span> <span class=\"notranslate\"> Todos ganan.<\/span><\/p>\n<p><span class=\"notranslate\"> La presentaci\u00f3n de estos conceptos a individuos no iniciados fue efectiva al introducir el concepto de las cuatro dimensiones de la humanidad y la t\u00e9cnica de alineaci\u00f3n grupal.<\/span> <span class=\"notranslate\"> La mayor\u00eda adquiri\u00f3 mayor conciencia del impacto de establecer la intenci\u00f3n como grupo y muchos ten\u00edan curiosidad por seguir aprendiendo m\u00e1s sobre estos nuevos conceptos.<\/span><\/p>\n<p><span class=\"notranslate\"> Estos son resultados alentadores e indican que el trabajo adicional en este campo ser\u00e1 muy beneficioso en el entorno corporativo y personal a medida que aumenta la conciencia de la importancia de la intenci\u00f3n.<\/span><\/p>\n<p><span class=\"notranslate\"> <strong>Bibliograf\u00eda<\/strong><\/span><\/p>\n<p><span class=\"notranslate\"> Brennan, Barbara Ann, Hands of Light, Una gu\u00eda para la curaci\u00f3n a trav\u00e9s del campo de la energ\u00eda humana, Bantam Books, 1988, ISBN 0-553-34539-7<\/span><\/p>\n<p><span class=\"notranslate\"> Brennan, Barbara Ann, Light Emerging, The Journey of Personal Healing, Bantam Books, 1993, ISBN 0-553-35456-6<\/span><\/p>\n<p><span class=\"notranslate\"> Gerber, Richard, Medicina Vibracional\u00b8 Bear &amp; Company Publishing, 1988, ISBN 1-879181-28-2<\/span><\/p>\n<p><span class=\"notranslate\"> Von D\u00fcrckheim, Karlfried.Graf.<\/span> <span class=\"notranslate\"> Hara: El Centro Vital del Hombre (S. Von Kospoth y E. Healey, Trans), Londres: Unwin Paperbacks, 1962, (trabajo original publicado en 1956).<\/span><\/p>\n<p><span class=\"notranslate\"> Luisa Jaff\u00e9, proyecto de PS4 para BBSH-2000, El poder de la intenci\u00f3n: c\u00f3mo llevar nuestros anhelos a la manifestaci\u00f3n<\/span><\/p>\n<p><span class=\"notranslate\"> Yamaoka, S. El arte y el camino de Hara, Singapur: Heian, 1992, (trabajo original publicado en 1976)<\/span><\/p>\n<p><span class=\"notranslate\"> Markert, C. Dan-Tien: su centro de energ\u00eda secreto, York Beach, Maine: Samuel Weiser, inc.<\/span><\/p>\n<p><span class=\"notranslate\"> Almaas, H. Diamond Heart Libro 3: El ser y el sentido de la vida<\/span><\/p>\n<p><span class=\"notranslate\"> Whiteside, John, The Phoenix Agenda<\/span><\/p>\n<p><span class=\"notranslate\"> Whiteside, John y Egli, Sandra, Vuelo del F\u00e9nix<\/span><\/p>\n<p><span class=\"notranslate\"> Gu\u00eda de Pathwork, conferencia # 195, identificaci\u00f3n con el yo espiritual para superar la intencionalidad negativa<\/span><\/p>\n<p><span class=\"notranslate\"> Barbara Brennan School of Healing (BBSH), Libro de trabajo del estudiante Year 3, AK 8<\/span><\/p>\n<p><span class=\"notranslate\"> Talbot, Michael, The Holographic Universe, Harper Perennial, 1992, ISBN 0-06-092258-3<\/span><\/p>\n<p><span class=\"notranslate\"> ==================<\/span><\/p>\n<p><span class=\"notranslate\"> [1] Gerber, Medicina Vibracional, p.<\/span> <span class=\"notranslate\"> 45<\/span><\/p>\n<p><span class=\"notranslate\"> [2] Brennan, Manos de Luz, p.<\/span> <span class=\"notranslate\"> 25<\/span><\/p>\n<p><span class=\"notranslate\"> [3] Brennan, Manos de Luz, p.<\/span> <span class=\"notranslate\"> 26, 27<\/span><\/p>\n<p><span class=\"notranslate\"> [4] Brennan, Light Emerging, pp 16-18<\/span><\/p>\n<p><span class=\"notranslate\"> [5] Von D\u00fcrckheim, Hara: El centro vital del hombre, p. 12<\/span><\/p>\n<p><span class=\"notranslate\"> [6] Brennan, Hands of Light, pp 109 y sigs.<\/span><\/p>\n<p><span class=\"notranslate\"> [7] Brennan, Hands of Light, pp 104-106<\/span><\/p>\n<p><span class=\"notranslate\"> [8] Gu\u00eda de Pathwork Conferencia n. \u00b0 195, \u00abIdentificaci\u00f3n con el ser espiritual para superar la intencionalidad negativa\u00bb<\/span><\/p>\n<p><span class=\"notranslate\"> [9] BBSH, Manual del Estudiante A\u00f1o 3, AK 8<\/span><\/p>\n<p><span class=\"notranslate\"> [10] BBSH, Manual del Estudiante A\u00f1o 3, AK 8<\/span><\/p>\n<p><span class=\"notranslate\"> [11] BBSH, Manual del Estudiante A\u00f1o 3, AK 8<\/span><\/p>\n<p><span class=\"notranslate\"> [12] Brennan, Light Emerging, pp. 287, 288.<\/span><\/p>\n<p><span class=\"notranslate\"> [13] Brennan, Light Emerging, p.<\/span> <span class=\"notranslate\"> 290<\/span><\/p>\n","protected":false},"excerpt":{"rendered":"<p>22 de Enero de 2018. Por Roland B\u00e9rard, Brennan Healing Science Practitioner, Reiki Master, EFT, Hakomi Abstracto Participar en un grupo (uno a uno, equipo, reuni\u00f3n o comit\u00e9) en el trabajo y actividades de ocio es una de las muchas formas en que experimentamos las relaciones. Todas las relaciones son un espejo a trav\u00e9s del&#8230;<\/p>\n","protected":false},"author":108,"featured_media":0,"comment_status":"closed","ping_status":"open","sticky":false,"template":"","format":"standard","meta":[],"categories":[65],"tags":[],"_links":{"self":[{"href":"https:\/\/brennanhealingscience.org\/es\/wp-json\/wp\/v2\/posts\/25700\/"}],"collection":[{"href":"https:\/\/brennanhealingscience.org\/es\/wp-json\/wp\/v2\/posts\/"}],"about":[{"href":"https:\/\/brennanhealingscience.org\/es\/wp-json\/wp\/v2\/types\/post\/"}],"author":[{"embeddable":true,"href":"https:\/\/brennanhealingscience.org\/es\/wp-json\/wp\/v2\/users\/108\/"}],"replies":[{"embeddable":true,"href":"https:\/\/brennanhealingscience.org\/es\/wp-json\/wp\/v2\/comments\/?post=25700"}],"version-history":[{"count":2,"href":"https:\/\/brennanhealingscience.org\/es\/wp-json\/wp\/v2\/posts\/25700\/revisions\/"}],"predecessor-version":[{"id":25757,"href":"https:\/\/brennanhealingscience.org\/es\/wp-json\/wp\/v2\/posts\/25700\/revisions\/25757\/"}],"wp:attachment":[{"href":"https:\/\/brennanhealingscience.org\/es\/wp-json\/wp\/v2\/media\/?parent=25700"}],"wp:term":[{"taxonomy":"category","embeddable":true,"href":"https:\/\/brennanhealingscience.org\/es\/wp-json\/wp\/v2\/categories\/?post=25700"},{"taxonomy":"post_tag","embeddable":true,"href":"https:\/\/brennanhealingscience.org\/es\/wp-json\/wp\/v2\/tags\/?post=25700"}],"curies":[{"name":"wp","href":"https:\/\/api.w.org\/{rel}","templated":true}]}}